{"id":6917,"date":"2025-10-30T11:12:42","date_gmt":"2025-10-30T15:12:42","guid":{"rendered":"https:\/\/archi.maibec.com\/?post_type=article&#038;p=6917"},"modified":"2025-12-22T08:57:13","modified_gmt":"2025-12-22T13:57:13","slug":"lattes-aluminium-architecture-moderne","status":"publish","type":"article","link":"https:\/\/archi.maibec.com\/fr\/?article=lattes-aluminium-architecture-moderne","title":{"rendered":"5 utilisations cr\u00e9atives des lattes d&rsquo;aluminium en architecture moderne"},"content":{"rendered":"<h3><\/h3>\n<h3 class=\"elementor-heading-title elementor-size-default\" style=\"text-align: left\">1. Maison des a\u00een\u00e9s et alternative, Qu\u00e9bec<\/h3>\n<p style=\"text-align: left\">Notre solution de lattes et planches architecturales <a href=\"https:\/\/archi.maibec.com\/fr\/couleurs-et-finis\/impression-haute-definition\/\"><span style=\"color: #000000\">imprim\u00e9es num\u00e9rique HD<\/span><\/a> en Hickory naturel (122-01) ont \u00e9t\u00e9 s\u00e9lectionn\u00e9e pour l&rsquo;am\u00e9nagement de la cour-jardin \u00e0 la Maison des a\u00een\u00e9s et alternative de Sainte-Foy. L&rsquo;utilisation cr\u00e9ative se manifeste par l&rsquo;int\u00e9gration harmonieuse entre la pergola et les jardini\u00e8res sur\u00e9lev\u00e9es, o\u00f9 l&rsquo;impression HD reproduit fid\u00e8lement le grain du bois naturel pour cr\u00e9er un refuge chaleureux au coeur de l&rsquo;espace collectif.<\/p>\n<p><a href=\"https:\/\/archi.maibec.com\/fr\/portfolio\/?e-filter-6768b49-category=lattes\"><img fetchpriority=\"high\" decoding=\"async\" class=\"alignnone wp-image-6958\" src=\"https:\/\/archi.maibec.com\/wp-content\/uploads\/2025\/10\/Maibec-Maison-Aines_2025-08-01-5-300x200.jpg\" alt=\"\" width=\"400\" height=\"267\" srcset=\"https:\/\/archi.maibec.com\/wp-content\/uploads\/2025\/10\/Maibec-Maison-Aines_2025-08-01-5-300x200.jpg 300w, https:\/\/archi.maibec.com\/wp-content\/uploads\/2025\/10\/Maibec-Maison-Aines_2025-08-01-5-1024x683.jpg 1024w, https:\/\/archi.maibec.com\/wp-content\/uploads\/2025\/10\/Maibec-Maison-Aines_2025-08-01-5-768x512.jpg 768w, https:\/\/archi.maibec.com\/wp-content\/uploads\/2025\/10\/Maibec-Maison-Aines_2025-08-01-5-1536x1024.jpg 1536w, https:\/\/archi.maibec.com\/wp-content\/uploads\/2025\/10\/Maibec-Maison-Aines_2025-08-01-5-2048x1365.jpg 2048w, https:\/\/archi.maibec.com\/wp-content\/uploads\/2025\/10\/Maibec-Maison-Aines_2025-08-01-5-860x572.jpg 860w\" sizes=\"(max-width: 400px) 100vw, 400px\" \/><\/a><\/p>\n<p>&nbsp;<\/p>\n<h3 class=\"elementor-heading-title elementor-size-default\" style=\"text-align: left\">2. UTER, P\u00e8re-Leli\u00e8vre<\/h3>\n<p style=\"text-align: left\">Un immeuble r\u00e9sidentiel de 96 logements d\u00e9di\u00e9 aux familles et aux personnes ayant des besoins particuliers, situ\u00e9 dans l\u2019arrondissement des Rivi\u00e8res \u00e0 Qu\u00e9bec. Maibec a fourni les planches et lattes d&rsquo;aluminium \u00e0 texture imprim\u00e9e Jatoba medium (204-08) pour ce projet ax\u00e9 sur l\u2019inclusion sociale, la durabilit\u00e9 et la qualit\u00e9 de vie. Les lattes espac\u00e9es cr\u00e9ent une barri\u00e8re visuelle partielle tout en pr\u00e9servant la luminosit\u00e9 naturelle et la circulation d&rsquo;air, transformant un \u00e9l\u00e9ment fonctionnel en signature architecturale.<\/p>\n<p><a href=\"https:\/\/archi.maibec.com\/fr\/portfolio\/?e-filter-6768b49-category=lattes\"><img decoding=\"async\" class=\"alignnone wp-image-6776\" src=\"https:\/\/archi.maibec.com\/wp-content\/uploads\/2025\/07\/WEB-Maibec-UTER-Pere-Lelievre_2025-07-22-5-300x200.jpg\" alt=\"\" width=\"400\" height=\"267\" srcset=\"https:\/\/archi.maibec.com\/wp-content\/uploads\/2025\/07\/WEB-Maibec-UTER-Pere-Lelievre_2025-07-22-5-300x200.jpg 300w, https:\/\/archi.maibec.com\/wp-content\/uploads\/2025\/07\/WEB-Maibec-UTER-Pere-Lelievre_2025-07-22-5-1024x683.jpg 1024w, https:\/\/archi.maibec.com\/wp-content\/uploads\/2025\/07\/WEB-Maibec-UTER-Pere-Lelievre_2025-07-22-5-768x512.jpg 768w, https:\/\/archi.maibec.com\/wp-content\/uploads\/2025\/07\/WEB-Maibec-UTER-Pere-Lelievre_2025-07-22-5-1536x1024.jpg 1536w, https:\/\/archi.maibec.com\/wp-content\/uploads\/2025\/07\/WEB-Maibec-UTER-Pere-Lelievre_2025-07-22-5-2048x1365.jpg 2048w, https:\/\/archi.maibec.com\/wp-content\/uploads\/2025\/07\/WEB-Maibec-UTER-Pere-Lelievre_2025-07-22-5-860x572.jpg 860w\" sizes=\"(max-width: 400px) 100vw, 400px\" \/><\/a><\/p>\n<p>&nbsp;<\/p>\n<h3 class=\"elementor-heading-title elementor-size-default\" style=\"text-align: left\">3. Winstar World Casino, Oklahoma<\/h3>\n<p style=\"text-align: left\">Ce projet met en vedette les planches d&rsquo;aluminium Maibec de 8 pouces \u00e0 profil plat avec la <a href=\"https:\/\/archi.maibec.com\/album\/fr\/index.html\"><span style=\"color: #000000\">texture<\/span><\/a> Jatoba imprim\u00e9e HD. Des lattes de la m\u00eame texture servent d&rsquo;\u00e9crans aux cabanas priv\u00e9es, assurant ventilation et luminosit\u00e9 tout en pr\u00e9servant l&rsquo;intimit\u00e9.<\/p>\n<h2 class=\"elementor-heading-title elementor-size-default\"><a href=\"https:\/\/archi.maibec.com\/fr\/portfolio\/?e-filter-6768b49-category=lattes\"><img decoding=\"async\" class=\"alignnone wp-image-6967\" src=\"https:\/\/archi.maibec.com\/wp-content\/uploads\/2025\/10\/R4A3889-2-1-300x200.jpg\" alt=\"\" width=\"400\" height=\"267\" srcset=\"https:\/\/archi.maibec.com\/wp-content\/uploads\/2025\/10\/R4A3889-2-1-300x200.jpg 300w, https:\/\/archi.maibec.com\/wp-content\/uploads\/2025\/10\/R4A3889-2-1-1024x684.jpg 1024w, https:\/\/archi.maibec.com\/wp-content\/uploads\/2025\/10\/R4A3889-2-1-768x513.jpg 768w, https:\/\/archi.maibec.com\/wp-content\/uploads\/2025\/10\/R4A3889-2-1-1536x1026.jpg 1536w, https:\/\/archi.maibec.com\/wp-content\/uploads\/2025\/10\/R4A3889-2-1-860x572.jpg 860w\" sizes=\"(max-width: 400px) 100vw, 400px\" \/><\/a><\/h2>\n<p>&nbsp;<\/p>\n<h3 class=\"elementor-heading-title elementor-size-default\" style=\"text-align: left\">4. Pavillon des baigneurs, l&rsquo;\u00cele Saint-Quentin<\/h3>\n<p style=\"text-align: left\">Le nouveau pavillon du Parc de l\u2019\u00cele St-Quentin, \u00e0 Trois-Rivi\u00e8res, met en valeur nos produits ainsi que leur capacit\u00e9 d&rsquo;agencement, pour cr\u00e9er une architecture \u00e0 la fois contemporaine, \u00e9l\u00e9gante et durable.<br \/>\nDans ce projet vous retrouverez :<br \/>\n\u25aa\ufe0f <span style=\"color: #000000\"><a style=\"color: #000000\" href=\"https:\/\/archi.maibec.com\/fr\/panneaux\/plaques-aluminium\/\">Les panneaux<\/a><\/span> sur extrusion MAP 01, de 3,2 mm, dans la couleur opaque Apollo White,<br \/>\n\u25aa\ufe0f <a href=\"https:\/\/archi.maibec.com\/fr\/planches\/\"><span style=\"color: #000000\">Les planches<\/span><\/a> \u00e0 profil rainur\u00e9 en V dans la couleur opaque Apollo White,<br \/>\n\u25aa\ufe0f <span style=\"color: #000000\"><a style=\"color: #000000\" href=\"https:\/\/archi.maibec.com\/fr\/lattes\/assemblees\/\">Les lattes assembl\u00e9es<\/a><\/span> dans la texture de bois (202-03) Iroko Sable.<\/p>\n<p><span class=\"NormalTextRun SCXW197147917 BCX0\"><a href=\"https:\/\/archi.maibec.com\/fr\/portfolio\/?e-filter-6768b49-category=lattes\"><img loading=\"lazy\" decoding=\"async\" class=\"alignnone wp-image-6951\" src=\"https:\/\/archi.maibec.com\/wp-content\/uploads\/2025\/10\/WEB-Maibec-Pavillon-des-Baigneurs_2025-08-11-5-300x225.jpg\" alt=\"\" width=\"400\" height=\"300\" srcset=\"https:\/\/archi.maibec.com\/wp-content\/uploads\/2025\/10\/WEB-Maibec-Pavillon-des-Baigneurs_2025-08-11-5-300x225.jpg 300w, https:\/\/archi.maibec.com\/wp-content\/uploads\/2025\/10\/WEB-Maibec-Pavillon-des-Baigneurs_2025-08-11-5-1024x768.jpg 1024w, https:\/\/archi.maibec.com\/wp-content\/uploads\/2025\/10\/WEB-Maibec-Pavillon-des-Baigneurs_2025-08-11-5-768x576.jpg 768w, https:\/\/archi.maibec.com\/wp-content\/uploads\/2025\/10\/WEB-Maibec-Pavillon-des-Baigneurs_2025-08-11-5-1536x1152.jpg 1536w, https:\/\/archi.maibec.com\/wp-content\/uploads\/2025\/10\/WEB-Maibec-Pavillon-des-Baigneurs_2025-08-11-5.jpg 2048w\" sizes=\"(max-width: 400px) 100vw, 400px\" \/><\/a><\/span><\/p>\n<p>&nbsp;<\/p>\n<h3 class=\"elementor-heading-title elementor-size-default\" style=\"text-align: left\">5. Maison des a\u00een\u00e9s et alternative, Trois-Rivi\u00e8res<\/h3>\n<p style=\"text-align: left\">Ce projet illustre l&rsquo;harmonie visuelle obtenue par l&rsquo;utilisation combin\u00e9e de planches et de lattes d&rsquo;aluminium partageant la m\u00eame texture Iroko imprim\u00e9e HD, cr\u00e9ant ainsi une continuit\u00e9 esth\u00e9tique sur l&rsquo;ensemble de l&rsquo;enveloppe du batiment.<\/p>\n<p><a href=\"https:\/\/archi.maibec.com\/fr\/portfolio\/?e-filter-6768b49-category=lattes\"><img loading=\"lazy\" decoding=\"async\" class=\"alignnone wp-image-6954\" src=\"https:\/\/archi.maibec.com\/wp-content\/uploads\/2025\/10\/JPEG-HR-MDA-TR-MAIBEC-2-300x200.jpg\" alt=\"\" width=\"400\" height=\"267\" srcset=\"https:\/\/archi.maibec.com\/wp-content\/uploads\/2025\/10\/JPEG-HR-MDA-TR-MAIBEC-2-300x200.jpg 300w, https:\/\/archi.maibec.com\/wp-content\/uploads\/2025\/10\/JPEG-HR-MDA-TR-MAIBEC-2-1024x683.jpg 1024w, https:\/\/archi.maibec.com\/wp-content\/uploads\/2025\/10\/JPEG-HR-MDA-TR-MAIBEC-2-768x512.jpg 768w, https:\/\/archi.maibec.com\/wp-content\/uploads\/2025\/10\/JPEG-HR-MDA-TR-MAIBEC-2-1536x1024.jpg 1536w, https:\/\/archi.maibec.com\/wp-content\/uploads\/2025\/10\/JPEG-HR-MDA-TR-MAIBEC-2-2048x1365.jpg 2048w, https:\/\/archi.maibec.com\/wp-content\/uploads\/2025\/10\/JPEG-HR-MDA-TR-MAIBEC-2-860x572.jpg 860w\" sizes=\"(max-width: 400px) 100vw, 400px\" \/><\/a><\/p>\n<p>&nbsp;<\/p>\n<p style=\"text-align: left\" data-start=\"239\" data-end=\"406\">Ces 5 projets montrent que les lattes d&rsquo;aluminium transforment les facades. Design, durabilit\u00e9, style : tout y est.<\/p>\n<p style=\"text-align: left\">Envie de voir par vous-m\u00eame?<br \/>\n<span style=\"color: #000000\"><a style=\"color: #000000\" href=\"https:\/\/archi.maibec.com\/fr\/echantillons\/\">Demandez vos \u00e9chantillons d\u00e8s maintenant.<\/a><\/span><\/p>\n","protected":false},"excerpt":{"rendered":"<p>Cinq projets qui prouvent que les lattes d\u2019aluminium peuvent transformer n\u2019importe quelle fa\u00e7ade.<\/p>\n","protected":false},"featured_media":7055,"menu_order":0,"template":"","categories":[],"user_category":[],"class_list":["post-6917","article","type-article","status-publish","has-post-thumbnail","hentry"],"acf":[],"yoast_head":"<!-- This site is optimized with the Yoast SEO plugin v25.2 - https:\/\/yoast.com\/wordpress\/plugins\/seo\/ -->\n<title>5 projets avec lattes architecturales | Maibec<\/title>\n<meta name=\"description\" content=\"5 projets inspirants avec lattes architecturales Maibec. D\u00e9couvrez comment elles transforment les fa\u00e7ades.\" \/>\n<meta name=\"robots\" content=\"index, follow, max-snippet:-1, max-image-preview:large, max-video-preview:-1\" \/>\n<link rel=\"canonical\" href=\"https:\/\/archi.maibec.com\/fr\/?article=lattes-aluminium-architecture-moderne\" \/>\n<meta property=\"og:locale\" content=\"fr_FR\" \/>\n<meta property=\"og:type\" content=\"article\" \/>\n<meta property=\"og:title\" content=\"5 projets avec lattes architecturales | Maibec\" \/>\n<meta property=\"og:description\" content=\"5 projets inspirants avec lattes architecturales Maibec. D\u00e9couvrez comment elles transforment les fa\u00e7ades.\" \/>\n<meta property=\"og:url\" content=\"https:\/\/archi.maibec.com\/fr\/?article=lattes-aluminium-architecture-moderne\" \/>\n<meta property=\"og:site_name\" content=\"Maibec Alu\" \/>\n<meta property=\"article:publisher\" content=\"https:\/\/www.facebook.com\/maibecinc\" \/>\n<meta property=\"article:modified_time\" content=\"2025-12-22T13:57:13+00:00\" \/>\n<meta property=\"og:image\" content=\"https:\/\/archi.maibec.com\/wp-content\/uploads\/2025\/10\/Untitled-design-1-1.png\" \/>\n\t<meta property=\"og:image:width\" content=\"1000\" \/>\n\t<meta property=\"og:image:height\" content=\"747\" \/>\n\t<meta property=\"og:image:type\" content=\"image\/png\" \/>\n<meta name=\"twitter:card\" content=\"summary_large_image\" \/>\n<meta name=\"twitter:label1\" content=\"Dur\u00e9e de lecture estim\u00e9e\" \/>\n\t<meta name=\"twitter:data1\" content=\"3 minutes\" \/>\n<script type=\"application\/ld+json\" class=\"yoast-schema-graph\">{\"@context\":\"https:\/\/schema.org\",\"@graph\":[{\"@type\":\"WebPage\",\"@id\":\"https:\/\/archi.maibec.com\/fr\/?article=lattes-aluminium-architecture-moderne\",\"url\":\"https:\/\/archi.maibec.com\/fr\/?article=lattes-aluminium-architecture-moderne\",\"name\":\"5 projets avec lattes architecturales | Maibec\",\"isPartOf\":{\"@id\":\"https:\/\/archi.maibec.com\/#website\"},\"primaryImageOfPage\":{\"@id\":\"https:\/\/archi.maibec.com\/fr\/?article=lattes-aluminium-architecture-moderne#primaryimage\"},\"image\":{\"@id\":\"https:\/\/archi.maibec.com\/fr\/?article=lattes-aluminium-architecture-moderne#primaryimage\"},\"thumbnailUrl\":\"https:\/\/archi.maibec.com\/wp-content\/uploads\/2025\/10\/Untitled-design-1-1.png\",\"datePublished\":\"2025-10-30T15:12:42+00:00\",\"dateModified\":\"2025-12-22T13:57:13+00:00\",\"description\":\"5 projets inspirants avec lattes architecturales Maibec. D\u00e9couvrez comment elles transforment les fa\u00e7ades.\",\"breadcrumb\":{\"@id\":\"https:\/\/archi.maibec.com\/fr\/?article=lattes-aluminium-architecture-moderne#breadcrumb\"},\"inLanguage\":\"fr-FR\",\"potentialAction\":[{\"@type\":\"ReadAction\",\"target\":[\"https:\/\/archi.maibec.com\/fr\/?article=lattes-aluminium-architecture-moderne\"]}]},{\"@type\":\"ImageObject\",\"inLanguage\":\"fr-FR\",\"@id\":\"https:\/\/archi.maibec.com\/fr\/?article=lattes-aluminium-architecture-moderne#primaryimage\",\"url\":\"https:\/\/archi.maibec.com\/wp-content\/uploads\/2025\/10\/Untitled-design-1-1.png\",\"contentUrl\":\"https:\/\/archi.maibec.com\/wp-content\/uploads\/2025\/10\/Untitled-design-1-1.png\",\"width\":1000,\"height\":747},{\"@type\":\"BreadcrumbList\",\"@id\":\"https:\/\/archi.maibec.com\/fr\/?article=lattes-aluminium-architecture-moderne#breadcrumb\",\"itemListElement\":[{\"@type\":\"ListItem\",\"position\":1,\"name\":\"Accueil\",\"item\":\"https:\/\/archi.maibec.com\/fr\/\"},{\"@type\":\"ListItem\",\"position\":2,\"name\":\"Articles\",\"item\":\"https:\/\/archi.maibec.com\/fr\/blog\/%category%\/\"},{\"@type\":\"ListItem\",\"position\":3,\"name\":\"5 utilisations cr\u00e9atives des lattes d&rsquo;aluminium en architecture moderne\"}]},{\"@type\":\"WebSite\",\"@id\":\"https:\/\/archi.maibec.com\/#website\",\"url\":\"https:\/\/archi.maibec.com\/\",\"name\":\"Maibec\",\"description\":\"\",\"publisher\":{\"@id\":\"https:\/\/archi.maibec.com\/#organization\"},\"potentialAction\":[{\"@type\":\"SearchAction\",\"target\":{\"@type\":\"EntryPoint\",\"urlTemplate\":\"https:\/\/archi.maibec.com\/?s={search_term_string}\"},\"query-input\":{\"@type\":\"PropertyValueSpecification\",\"valueRequired\":true,\"valueName\":\"search_term_string\"}}],\"inLanguage\":\"fr-FR\"},{\"@type\":\"Organization\",\"@id\":\"https:\/\/archi.maibec.com\/#organization\",\"name\":\"Maibec\",\"url\":\"https:\/\/archi.maibec.com\/\",\"logo\":{\"@type\":\"ImageObject\",\"inLanguage\":\"fr-FR\",\"@id\":\"https:\/\/archi.maibec.com\/#\/schema\/logo\/image\/\",\"url\":\"https:\/\/archi.maibec.com\/wp-content\/uploads\/2025\/03\/maibec-logo.png\",\"contentUrl\":\"https:\/\/archi.maibec.com\/wp-content\/uploads\/2025\/03\/maibec-logo.png\",\"width\":1197,\"height\":824,\"caption\":\"Maibec\"},\"image\":{\"@id\":\"https:\/\/archi.maibec.com\/#\/schema\/logo\/image\/\"},\"sameAs\":[\"https:\/\/www.facebook.com\/maibecinc\",\"https:\/\/www.instagram.com\/maibecinc\/\",\"https:\/\/www.youtube.com\/c\/Maibec\",\"https:\/\/ca.linkedin.com\/company\/maibec-inc.\",\"https:\/\/www.houzz.com\/professionals\/building-supplies\/maibec-pfvwus-pf~1737476904\"]}]}<\/script>\n<!-- \/ Yoast SEO plugin. -->","yoast_head_json":{"title":"5 projets avec lattes architecturales | Maibec","description":"5 projets inspirants avec lattes architecturales Maibec. D\u00e9couvrez comment elles transforment les fa\u00e7ades.","robots":{"index":"index","follow":"follow","max-snippet":"max-snippet:-1","max-image-preview":"max-image-preview:large","max-video-preview":"max-video-preview:-1"},"canonical":"https:\/\/archi.maibec.com\/fr\/?article=lattes-aluminium-architecture-moderne","og_locale":"fr_FR","og_type":"article","og_title":"5 projets avec lattes architecturales | Maibec","og_description":"5 projets inspirants avec lattes architecturales Maibec. D\u00e9couvrez comment elles transforment les fa\u00e7ades.","og_url":"https:\/\/archi.maibec.com\/fr\/?article=lattes-aluminium-architecture-moderne","og_site_name":"Maibec Alu","article_publisher":"https:\/\/www.facebook.com\/maibecinc","article_modified_time":"2025-12-22T13:57:13+00:00","og_image":[{"width":1000,"height":747,"url":"https:\/\/archi.maibec.com\/wp-content\/uploads\/2025\/10\/Untitled-design-1-1.png","type":"image\/png"}],"twitter_card":"summary_large_image","twitter_misc":{"Dur\u00e9e de lecture estim\u00e9e":"3 minutes"},"schema":{"@context":"https:\/\/schema.org","@graph":[{"@type":"WebPage","@id":"https:\/\/archi.maibec.com\/fr\/?article=lattes-aluminium-architecture-moderne","url":"https:\/\/archi.maibec.com\/fr\/?article=lattes-aluminium-architecture-moderne","name":"5 projets avec lattes architecturales | Maibec","isPartOf":{"@id":"https:\/\/archi.maibec.com\/#website"},"primaryImageOfPage":{"@id":"https:\/\/archi.maibec.com\/fr\/?article=lattes-aluminium-architecture-moderne#primaryimage"},"image":{"@id":"https:\/\/archi.maibec.com\/fr\/?article=lattes-aluminium-architecture-moderne#primaryimage"},"thumbnailUrl":"https:\/\/archi.maibec.com\/wp-content\/uploads\/2025\/10\/Untitled-design-1-1.png","datePublished":"2025-10-30T15:12:42+00:00","dateModified":"2025-12-22T13:57:13+00:00","description":"5 projets inspirants avec lattes architecturales Maibec. D\u00e9couvrez comment elles transforment les fa\u00e7ades.","breadcrumb":{"@id":"https:\/\/archi.maibec.com\/fr\/?article=lattes-aluminium-architecture-moderne#breadcrumb"},"inLanguage":"fr-FR","potentialAction":[{"@type":"ReadAction","target":["https:\/\/archi.maibec.com\/fr\/?article=lattes-aluminium-architecture-moderne"]}]},{"@type":"ImageObject","inLanguage":"fr-FR","@id":"https:\/\/archi.maibec.com\/fr\/?article=lattes-aluminium-architecture-moderne#primaryimage","url":"https:\/\/archi.maibec.com\/wp-content\/uploads\/2025\/10\/Untitled-design-1-1.png","contentUrl":"https:\/\/archi.maibec.com\/wp-content\/uploads\/2025\/10\/Untitled-design-1-1.png","width":1000,"height":747},{"@type":"BreadcrumbList","@id":"https:\/\/archi.maibec.com\/fr\/?article=lattes-aluminium-architecture-moderne#breadcrumb","itemListElement":[{"@type":"ListItem","position":1,"name":"Accueil","item":"https:\/\/archi.maibec.com\/fr\/"},{"@type":"ListItem","position":2,"name":"Articles","item":"https:\/\/archi.maibec.com\/fr\/blog\/%category%\/"},{"@type":"ListItem","position":3,"name":"5 utilisations cr\u00e9atives des lattes d&rsquo;aluminium en architecture moderne"}]},{"@type":"WebSite","@id":"https:\/\/archi.maibec.com\/#website","url":"https:\/\/archi.maibec.com\/","name":"Maibec","description":"","publisher":{"@id":"https:\/\/archi.maibec.com\/#organization"},"potentialAction":[{"@type":"SearchAction","target":{"@type":"EntryPoint","urlTemplate":"https:\/\/archi.maibec.com\/?s={search_term_string}"},"query-input":{"@type":"PropertyValueSpecification","valueRequired":true,"valueName":"search_term_string"}}],"inLanguage":"fr-FR"},{"@type":"Organization","@id":"https:\/\/archi.maibec.com\/#organization","name":"Maibec","url":"https:\/\/archi.maibec.com\/","logo":{"@type":"ImageObject","inLanguage":"fr-FR","@id":"https:\/\/archi.maibec.com\/#\/schema\/logo\/image\/","url":"https:\/\/archi.maibec.com\/wp-content\/uploads\/2025\/03\/maibec-logo.png","contentUrl":"https:\/\/archi.maibec.com\/wp-content\/uploads\/2025\/03\/maibec-logo.png","width":1197,"height":824,"caption":"Maibec"},"image":{"@id":"https:\/\/archi.maibec.com\/#\/schema\/logo\/image\/"},"sameAs":["https:\/\/www.facebook.com\/maibecinc","https:\/\/www.instagram.com\/maibecinc\/","https:\/\/www.youtube.com\/c\/Maibec","https:\/\/ca.linkedin.com\/company\/maibec-inc.","https:\/\/www.houzz.com\/professionals\/building-supplies\/maibec-pfvwus-pf~1737476904"]}]}},"_links":{"self":[{"href":"https:\/\/archi.maibec.com\/fr\/wp-json\/wp\/v2\/article\/6917","targetHints":{"allow":["GET"]}}],"collection":[{"href":"https:\/\/archi.maibec.com\/fr\/wp-json\/wp\/v2\/article"}],"about":[{"href":"https:\/\/archi.maibec.com\/fr\/wp-json\/wp\/v2\/types\/article"}],"version-history":[{"count":0,"href":"https:\/\/archi.maibec.com\/fr\/wp-json\/wp\/v2\/article\/6917\/revisions"}],"wp:featuredmedia":[{"embeddable":true,"href":"https:\/\/archi.maibec.com\/fr\/wp-json\/wp\/v2\/media\/7055"}],"wp:attachment":[{"href":"https:\/\/archi.maibec.com\/fr\/wp-json\/wp\/v2\/media?parent=6917"}],"wp:term":[{"taxonomy":"category","embeddable":true,"href":"https:\/\/archi.maibec.com\/fr\/wp-json\/wp\/v2\/categories?post=6917"},{"taxonomy":"user_category","embeddable":true,"href":"https:\/\/archi.maibec.com\/fr\/wp-json\/wp\/v2\/user_category?post=6917"}],"curies":[{"name":"wp","href":"https:\/\/api.w.org\/{rel}","templated":true}]}}